{"id":2556,"date":"2012-01-19T18:18:04","date_gmt":"2012-01-19T17:18:04","guid":{"rendered":"http:\/\/www.me-we.me\/?p=2556"},"modified":"2016-05-24T01:38:06","modified_gmt":"2016-05-23T23:38:06","slug":"en-galakvall-pa-gocart-gallery","status":"publish","type":"post","link":"https:\/\/www.me-we.me\/?p=2556","title":{"rendered":"En galakv\u00e4ll p\u00e5 GoCart Gallery"},"content":{"rendered":"<p><iframe loading=\"lazy\" src=\"http:\/\/www.youtube.com\/embed\/eqc1DJXa8O8\" width=\"450\" height=\"259\" frameborder=\"0\"><\/iframe><\/p>\n<p style=\"text-align: left;\">Undertecknad  representerad p\u00e5 galleri i stan. Var frestad att skriva n\u00e5got om den \u201dvilda spritfesten p\u00e5 Gocart!!!\u201d i tabloidformat, men den lilla bagatellen till film blev lite av en gammaldags galapremi\u00e4r, med de lokala k\u00e4ndislejonen leende in i kameran. De utst\u00e4llda verken f\u00e5r man komma och titta p\u00e5 i lugn och ro. Nu p\u00e5 l\u00f6rdag 21.1 vaktar jag utst\u00e4llningen mellan 12-16. Annars \u00e4r det \u00f6ppet:<\/p>\n<p style=\"text-align: left;\"><span style=\"color: #808080;\">Utst\u00e4llningen \u201dNya medlemmar \u201d p\u00e5 GoCart Gallery i Visby p\u00e5g\u00e5r till den 5 februari<\/span><br \/>\n<span style=\"color: #808080;\">ons-fre 12-17 l\u00f6r-s\u00f6n 12-16 <\/span><\/p>\n<p style=\"text-align: left;\"><span style=\"color: #808080;\"><a href=\"http:\/\/www.helagotland.se\/noje\/default.aspx?articleid=7415865\" target=\"_blank\"><span style=\"color: #808080;\">Recension p\u00e5 GT.<\/span><\/a> <\/span><br \/>\n<span style=\"color: #808080;\"><a href=\"http:\/\/www.gotlandsmedia.se\/noje\/default.aspx?articleid=7416040\" target=\"_blank\"><span style=\"color: #808080;\">Recension p\u00e5 GA. <\/span><\/a><\/span><\/p>\n","protected":false},"excerpt":{"rendered":"<p>Undertecknad representerad p\u00e5 galleri i stan. Var frestad att skriva n\u00e5got om den \u201dvilda spritfesten p\u00e5 Gocart!!!\u201d i tabloidformat, men den lilla bagatellen till film blev lite av en gammaldags galapremi\u00e4r, med de lokala k\u00e4ndislejonen leende in i kameran. De utst\u00e4llda verken f\u00e5r man komma och titta p\u00e5 i lugn och ro. Nu p\u00e5 l\u00f6rdag &hellip; <a href=\"https:\/\/www.me-we.me\/?p=2556\" class=\"more-link\">Forts\u00e4tt l\u00e4sa <span class=\"screen-reader-text\">En galakv\u00e4ll p\u00e5 GoCart Gallery<\/span><\/a><\/p>\n","protected":false},"author":2,"featured_media":0,"comment_status":"open","ping_status":"open","sticky":false,"template":"","format":"standard","meta":{"ngg_post_thumbnail":0,"jetpack_post_was_ever_published":false,"_jetpack_newsletter_access":"","_jetpack_dont_email_post_to_subs":false,"_jetpack_newsletter_tier_id":0,"_jetpack_memberships_contains_paywalled_content":false,"_jetpack_memberships_contains_paid_content":false,"footnotes":"","jetpack_publicize_message":"","jetpack_publicize_feature_enabled":true,"jetpack_social_post_already_shared":false,"jetpack_social_options":{"image_generator_settings":{"template":"highway","default_image_id":0,"font":"","enabled":false},"version":2}},"categories":[30,9,924],"tags":[925,61,926,165,121,122,927,1204,785,784,928],"class_list":["post-2556","post","type-post","status-publish","format-standard","hentry","category-film","category-slow-art","category-utstallningar","tag-galapremiar","tag-galleri","tag-gocart-gallery","tag-konst","tag-konstnarer","tag-kultur","tag-nya-medlemmar","tag-slow-art","tag-utstallning","tag-vernissage","tag-vernissagefest"],"jetpack_publicize_connections":[],"jetpack_featured_media_url":"","jetpack_shortlink":"https:\/\/wp.me\/pthEr-Fe","jetpack_sharing_enabled":true,"jetpack_likes_enabled":true,"_links":{"self":[{"href":"https:\/\/www.me-we.me\/index.php?rest_route=\/wp\/v2\/posts\/2556","targetHints":{"allow":["GET"]}}],"collection":[{"href":"https:\/\/www.me-we.me\/index.php?rest_route=\/wp\/v2\/posts"}],"about":[{"href":"https:\/\/www.me-we.me\/index.php?rest_route=\/wp\/v2\/types\/post"}],"author":[{"embeddable":true,"href":"https:\/\/www.me-we.me\/index.php?rest_route=\/wp\/v2\/users\/2"}],"replies":[{"embeddable":true,"href":"https:\/\/www.me-we.me\/index.php?rest_route=%2Fwp%2Fv2%2Fcomments&post=2556"}],"version-history":[{"count":9,"href":"https:\/\/www.me-we.me\/index.php?rest_route=\/wp\/v2\/posts\/2556\/revisions"}],"predecessor-version":[{"id":3051,"href":"https:\/\/www.me-we.me\/index.php?rest_route=\/wp\/v2\/posts\/2556\/revisions\/3051"}],"wp:attachment":[{"href":"https:\/\/www.me-we.me\/index.php?rest_route=%2Fwp%2Fv2%2Fmedia&parent=2556"}],"wp:term":[{"taxonomy":"category","embeddable":true,"href":"https:\/\/www.me-we.me\/index.php?rest_route=%2Fwp%2Fv2%2Fcategories&post=2556"},{"taxonomy":"post_tag","embeddable":true,"href":"https:\/\/www.me-we.me\/index.php?rest_route=%2Fwp%2Fv2%2Ftags&post=2556"}],"curies":[{"name":"wp","href":"https:\/\/api.w.org\/{rel}","templated":true}]}}