{"id":2537,"date":"2011-12-19T23:44:26","date_gmt":"2011-12-19T22:44:26","guid":{"rendered":"http:\/\/www.me-we.me\/?p=2537"},"modified":"2021-09-10T17:43:25","modified_gmt":"2021-09-10T15:43:25","slug":"juholt-branting-och-jag","status":"publish","type":"post","link":"https:\/\/www.me-we.me\/?p=2537","title":{"rendered":"Juholt, Branting och jag"},"content":{"rendered":"<p style=\"text-align: right;\"><a title=\"L\u00e4s hela artikeln i GT (Gotlands tidningar)\" href=\"http:\/\/www.helagotland.se\/nyheter\/artikel.aspx?articleid=7331390\" target=\"_blank\" rel=\"noopener\"><img data-recalc-dims=\"1\" loading=\"lazy\" decoding=\"async\" class=\"aligncenter  wp-image-2538\" title=\"juholt&amp;juholt 111215\" src=\"https:\/\/i0.wp.com\/www.me-we.me\/wp-content\/uploads\/2011\/12\/juholtjuholt_111215_450.jpg?resize=660%2C469&#038;ssl=1\" alt=\"H\u00e5kan Juholt med sitt portr\u00e4tt\" width=\"660\" height=\"469\" srcset=\"https:\/\/i0.wp.com\/www.me-we.me\/wp-content\/uploads\/2011\/12\/juholtjuholt_111215_450.jpg?w=450&amp;ssl=1 450w, https:\/\/i0.wp.com\/www.me-we.me\/wp-content\/uploads\/2011\/12\/juholtjuholt_111215_450.jpg?resize=300%2C213&amp;ssl=1 300w\" sizes=\"auto, (max-width: 660px) 100vw, 660px\" \/><\/a><\/p>\n<p style=\"text-align: left;\"><strong>S\u00e5 har d\u00e5 portr\u00e4ttet p\u00e5 Juholt hamnat dit det var avsett&#8230;<\/strong>&#8221;&#8230; antingen hemma hos mig&nbsp;eller p\u00e5 kontoret&#8221;, som han sa sj\u00e4lv till min dotter Ottie, som han tr\u00e4ffade p\u00e5 stan efter ett torgm\u00f6te.&nbsp; N\u00e5gon k\u00e4nde igen henne.. &#8221;D\u00c4R \u00c4R KONSTN\u00c4RENS DOTTER DU!!&#8221;&#8230; Han sa till henne att han var r\u00f6rd \u00f6ver portr\u00e4ttet, och att det var bland de b\u00e4sta presenter han f\u00e5tt. Detta gl\u00e4der mig f\u00f6rst\u00e5s, det gl\u00e4der mig ocks\u00e5 att han fick det p\u00e5 detta s\u00e4tt. Hoppas att det var kul f\u00f6r henne som aktiv i SSU p\u00e5 Gotland.&nbsp; <a href=\"http:\/\/www.helagotland.se\/nyheter\/artikel.aspx?articleid=7331390\" target=\"_blank\" rel=\"noopener\">L\u00e4s mer <\/a><\/p>\n<p style=\"text-align: left;\">Och s\u00e5 artikel i GT idag. Det \u00e4r trevligt att vakna upp till att man \u00e4r i tidningen. Men lite skeptisk \u00e4r man nuf\u00f6rtiden, det kan ju bli lite felcitat och konstigheter. Bild p\u00e5 mig. Jag ser ok ut. Det blir bra n\u00e4r man f\u00e5r ta bilden sj\u00e4lv och retuschera lite. Den var egentligen avsedd f\u00f6r min <a title=\"STONEFACE - ditt portr\u00e4tt i 3D\" href=\"http:\/\/www.stoneface.nu\" target=\"_blank\" rel=\"noopener\">STONEFACE <\/a>stayett&#8230;&nbsp; ; )<\/p>\n<p style=\"text-align: left;\"><img data-recalc-dims=\"1\" loading=\"lazy\" decoding=\"async\" class=\"\" title=\"Zigge.\" src=\"https:\/\/i0.wp.com\/www.me-we.me\/wp-content\/uploads\/2011\/12\/zigge-front_ppps-450.jpg?resize=660%2C528&#038;ssl=1\" alt=\"\" width=\"660\" height=\"528\"\/><\/p>\n<p style=\"text-align: left;\"><span style=\"color: #808080;\"><em>\/&#8230;\/&nbsp;&nbsp; &#8221;H\u00e5kan Juholt uppskattade g\u00e5van.<br \/>\n<\/em><\/span><span style=\"color: #808080;\"><em>&#8211; Tavlan \u00e4r fantastisk, s\u00e4ger Juholt under sitt gotlandsbes\u00f6k.<\/em><\/span><span style=\"color: #808080;\"> <em>S-ledaren ber\u00e4ttar att det tog en stund innan han s\u00e5g de b\u00e5da ansiktena tr\u00e4da fram:<\/em><\/span><span style=\"color: #808080;\"><em>&#8211; F\u00f6rst s\u00e5g jag Hjalmar Branting, men sedan s\u00e5g jag ju hur jag v\u00e4xte fram, att det var mina \u00f6gon och min haka.&nbsp;&nbsp; \/&#8230;\/<br \/>\n<\/em><\/span><span style=\"color: #808080;\"><em>&#8211; Jag tycker att det var roligt att han uppfattade Branting f\u00f6rst och sen s\u00e5g sig sj\u00e4lv v\u00e4xa fram. Det ger en bra symbolik, det gl\u00e4der mig att portr\u00e4ttet fungerade p\u00e5 det s\u00e4ttet, s\u00e4ger Zigge Holmgren.&nbsp;Tillbakablicken p\u00e5 Branting \u00e4r allts\u00e5 t\u00e4nkt som en \u00e5terspeglig till en politik d\u00e4r m\u00e4nniskov\u00e4rde s\u00e4tts f\u00f6re marknadsv\u00e4rde.<br \/>\n<\/em><\/span><span style=\"color: #808080;\"><em>&#8211; Jag har utvecklat en konstform d\u00e4r jag \u00e5terger m\u00e4nniskor i historiska portr\u00e4tt d\u00e4r de f\u00e5r ikl\u00e4 sig en annan rock och attribut, som l\u00f6sg\u00f6r dem fr\u00e5n sitt vardagliga jag, att kunna se f\u00f6rbi den spegelbild vi aldrig riktigt \u00e4r n\u00f6jda med som en spegling av v\u00e5rt inre. Portr\u00e4ttet ska ge en mer r\u00e4ttvis bild av oss, spegelbilden \u00e4r ju trots allt bakv\u00e4nd, menar Zigge Holmgren&#8221;.&nbsp;&nbsp;&nbsp; \/&#8230;\/<\/em><\/span><\/p>\n<p style=\"text-align: left;\"><span style=\"color: #888888;\">Av Gotlands Tidningar, Text: Bengt Valentinsson, Mikael Carlson.&nbsp;<\/span><span style=\"color: #888888;\">Publicerad 2011-12-19&nbsp;&nbsp;&nbsp; <\/span><a title=\"L\u00e4s mer p\u00e5 Gotlands Tidningar\" href=\"http:\/\/www.helagotland.se\/noje\/default.aspx?articleid=7340629#.Tu8PZlf-vb4.facebook\" target=\"_blank\" rel=\"noopener\">L\u00e4s mer<\/a><\/p>\n<p style=\"text-align: left;\">Hursomhelst, jag \u00e4r v\u00e4ldigt f\u00f6rtjust i den d\u00e4r mannen och \u00e4r \u00f6vertygad om att han blir v\u00e5r n\u00e4ste landsfader&#8230;&nbsp; Jag tippar ocks\u00e5 att han kan f\u00e5 r\u00f6ster oavsett politisk tillh\u00f6righet.<\/p>\n","protected":false},"excerpt":{"rendered":"<p>S\u00e5 har d\u00e5 portr\u00e4ttet p\u00e5 Juholt hamnat dit det var avsett&#8230;&#8221;&#8230; antingen hemma hos mig&nbsp;eller p\u00e5 kontoret&#8221;, som han sa sj\u00e4lv till min dotter Ottie, som han tr\u00e4ffade p\u00e5 stan efter ett torgm\u00f6te.&nbsp; N\u00e5gon k\u00e4nde igen henne.. &#8221;D\u00c4R \u00c4R KONSTN\u00c4RENS DOTTER DU!!&#8221;&#8230; Han sa till henne att han var r\u00f6rd \u00f6ver portr\u00e4ttet, och att det &hellip; <a href=\"https:\/\/www.me-we.me\/?p=2537\" class=\"more-link\">Forts\u00e4tt l\u00e4sa <span class=\"screen-reader-text\">Juholt, Branting och jag<\/span><\/a><\/p>\n","protected":false},"author":2,"featured_media":0,"comment_status":"open","ping_status":"open","sticky":false,"template":"","format":"standard","meta":{"ngg_post_thumbnail":0,"jetpack_post_was_ever_published":false,"_jetpack_newsletter_access":"","_jetpack_dont_email_post_to_subs":false,"_jetpack_newsletter_tier_id":0,"_jetpack_memberships_contains_paywalled_content":false,"_jetpack_memberships_contains_paid_content":false,"footnotes":"","jetpack_publicize_message":"","jetpack_publicize_feature_enabled":true,"jetpack_social_post_already_shared":false,"jetpack_social_options":{"image_generator_settings":{"template":"highway","default_image_id":0,"font":"","enabled":false},"version":2}},"categories":[45,6],"tags":[923,922,921,1207,1201],"class_list":["post-2537","post","type-post","status-publish","format-standard","hentry","category-portratt","category-post-art","tag-branting","tag-hakan-juholt","tag-juholt","tag-portratt","tag-post-art"],"jetpack_publicize_connections":[],"jetpack_featured_media_url":"","jetpack_shortlink":"https:\/\/wp.me\/pthEr-EV","jetpack_sharing_enabled":true,"jetpack_likes_enabled":true,"_links":{"self":[{"href":"https:\/\/www.me-we.me\/index.php?rest_route=\/wp\/v2\/posts\/2537","targetHints":{"allow":["GET"]}}],"collection":[{"href":"https:\/\/www.me-we.me\/index.php?rest_route=\/wp\/v2\/posts"}],"about":[{"href":"https:\/\/www.me-we.me\/index.php?rest_route=\/wp\/v2\/types\/post"}],"author":[{"embeddable":true,"href":"https:\/\/www.me-we.me\/index.php?rest_route=\/wp\/v2\/users\/2"}],"replies":[{"embeddable":true,"href":"https:\/\/www.me-we.me\/index.php?rest_route=%2Fwp%2Fv2%2Fcomments&post=2537"}],"version-history":[{"count":19,"href":"https:\/\/www.me-we.me\/index.php?rest_route=\/wp\/v2\/posts\/2537\/revisions"}],"predecessor-version":[{"id":3267,"href":"https:\/\/www.me-we.me\/index.php?rest_route=\/wp\/v2\/posts\/2537\/revisions\/3267"}],"wp:attachment":[{"href":"https:\/\/www.me-we.me\/index.php?rest_route=%2Fwp%2Fv2%2Fmedia&parent=2537"}],"wp:term":[{"taxonomy":"category","embeddable":true,"href":"https:\/\/www.me-we.me\/index.php?rest_route=%2Fwp%2Fv2%2Fcategories&post=2537"},{"taxonomy":"post_tag","embeddable":true,"href":"https:\/\/www.me-we.me\/index.php?rest_route=%2Fwp%2Fv2%2Ftags&post=2537"}],"curies":[{"name":"wp","href":"https:\/\/api.w.org\/{rel}","templated":true}]}}