{"id":2197,"date":"2011-09-18T19:00:45","date_gmt":"2011-09-18T17:00:45","guid":{"rendered":"http:\/\/www.me-we.me\/?p=2197"},"modified":"2011-09-19T03:33:54","modified_gmt":"2011-09-19T01:33:54","slug":"en-tidig-badrumsfotograf","status":"publish","type":"post","link":"https:\/\/www.me-we.me\/?p=2197","title":{"rendered":"En tidig badrumsfotograf, out of context."},"content":{"rendered":"<p style=\"text-align: left;\">\u00a0<img data-recalc-dims=\"1\" loading=\"lazy\" decoding=\"async\" class=\"aligncenter size-full wp-image-2206\" title=\"Ernest Hemingway bakochfram\" src=\"https:\/\/i0.wp.com\/www.me-we.me\/wp-content\/uploads\/2011\/09\/hemingway4501.jpg?resize=450%2C293&#038;ssl=1\" alt=\"Ernest Hemingway bakochfram\" width=\"450\" height=\"293\" srcset=\"https:\/\/i0.wp.com\/www.me-we.me\/wp-content\/uploads\/2011\/09\/hemingway4501.jpg?w=450&amp;ssl=1 450w, https:\/\/i0.wp.com\/www.me-we.me\/wp-content\/uploads\/2011\/09\/hemingway4501.jpg?resize=300%2C195&amp;ssl=1 300w\" sizes=\"auto, (max-width: 450px) 100vw, 450px\" \/><strong>Ernest  Hemingway. &#8221;Il faut d\u2019abord durer&#8221;.<\/strong><\/p>\n<p style=\"text-align: left;\"><strong><\/strong><br \/>\n<strong>Ernest hade ett stort \u00e4rr i pannan<\/strong> han og\u00e4rna talade om. Det tillkom d\u00e5 han skadade sig allvarligt d\u00e5 han drog ned ett takf\u00f6nster p\u00e5 sitt huvud i tron att det var toalettens spolningskedja som han drog i. Med tiden tilldrog han sig allehanda skador, d\u00e5 han som alltid drogs till h\u00e4ndelsernas centrum med stor entusiasm. Man kan tycka att han var en man med tur, men s\u00e5 \u00e4r s\u00e4llan fallet. Som min salig far alltid sa &#8211; &#8221;En god m\u00e5lvakt har alltid tur&#8221;. Min favoritscen med honom \u00e4r hur han, f\u00f6rbjuden att delta i USA:s int\u00e5g i Paris, hyr en privatbil och sj\u00e4lv k\u00f6r in i Paris p\u00e5 sidogator f\u00f6rbi alla kvarvarande krypskyttar, tills han kom till det flottaste hotellet. D\u00e4r hittade han cognacsf\u00f6rr\u00e5det och dagen efter n\u00e4r arm\u00e9n t\u00e5gar in hittar hans bror en osedvanligt entusiastisk Hemingway p\u00e5 hotellet.<\/p>\n<p style=\"text-align: left;\"><strong>1954 \u00f6verlevde han tv\u00e5 flygplanskrascher<\/strong> (!!) med skadade njurar och lever. Han h\u00e4mtade sig aldrig fr\u00e5n dessa dock, och\u00a0h\u00e4mtade aldrig sitt Nobelpris samma \u00e5r heller, av uppenbara orsaker f\u00f6rutom att han inte ville motta det; p\u00e5 grund av njurproblemen fick han h\u00f6gt blodtryck och medicinen han fick mot detta gav honom sv\u00e5ra depressioner. Han kunde inte l\u00e4ngre skriva. Han drack allt mer och blev 1960 f\u00f6r f\u00f6rsta g\u00e5ngen inlagd p\u00e5 Mayo Clinic i Rochester, Minnesota f\u00f6r avgiftning. Han var p\u00e5 kliniken 39 g\u00e5nger och varje g\u00e5ng fick han elchocksbehandling. Hans favorituttryck var &#8221;Il faut d\u2019abord durer&#8221;, franska f\u00f6r &#8221;det viktiga \u00e4r att h\u00e5lla ut&#8221;, men en morgon n\u00e5gra dagar innan sin 62:a f\u00f6delsedag hade han n\u00e5tt gr\u00e4nsen f\u00f6r sitt lidande och 2 juli 1961 tog han sitt liv med ett gev\u00e4r. Hans intresse f\u00f6r boxning var det som minst av allt orsakade n\u00e5gra skador. Nobelpriset sk\u00e4nkte han till Kubas folk.<\/p>\n<p style=\"text-align: left;\">\u00a0<\/p>\n<p style=\"text-align: left;\"><strong>FOTNOT:<\/strong>\u00a0 Anledningen till detta inl\u00e4gg var att jag hittade denna bild under s\u00f6kning p\u00e5 Internet f\u00f6r Total Waste Of Time, mitt lilla globala projekt p\u00e5 <a title=\"\u00d6ppna TOTAL WASTE-l\u00e4nken i nytt f\u00f6nster\" href=\"http:\/\/www.totalwaste.org\/\" target=\"_blank\">www.totalwaste.org<\/a>. Hemingway f\u00e5r nu bli hedersg\u00e4st d\u00e4r med sin bild! Denne mans b\u00f6cker blev tidigt en stor inspiration f\u00f6r den unge man jag en g\u00e5ng var, redo att ge mig ut i v\u00e4rlden. Jag hade sen en period med Charles Bukowski, som med f\u00f6rdel deklamerades p\u00e5 krogen, f\u00f6r att nu slutligen h\u00e5lla mig till att kolla v\u00e4dret i tidningen, egentligen mest hur det var dagen innan. Den \u00f6vriga v\u00e4rldslitteraturen klarade jag av redan i barndomen genom de genialiska Illusterade Klassiker i serieform. They just don&#8217;t do them anymore. Jag funderar p\u00e5 att l\u00e4sa om Fem-b\u00f6ckerna faktiskt dock. Jag kommer dock aldrig att b\u00f6rja Twittra. Jag kanske har n\u00e5gon skada men jag begriper det inte.<\/p>\n","protected":false},"excerpt":{"rendered":"<p>\u00a0Ernest Hemingway. &#8221;Il faut d\u2019abord durer&#8221;. Ernest hade ett stort \u00e4rr i pannan han og\u00e4rna talade om. Det tillkom d\u00e5 han skadade sig allvarligt d\u00e5 han drog ned ett takf\u00f6nster p\u00e5 sitt huvud i tron att det var toalettens spolningskedja som han drog i. Med tiden tilldrog han sig allehanda skador, d\u00e5 han som alltid &hellip; <a href=\"https:\/\/www.me-we.me\/?p=2197\" class=\"more-link\">Forts\u00e4tt l\u00e4sa <span class=\"screen-reader-text\">En tidig badrumsfotograf, out of context.<\/span><\/a><\/p>\n","protected":false},"author":2,"featured_media":0,"comment_status":"open","ping_status":"open","sticky":false,"template":"","format":"standard","meta":{"ngg_post_thumbnail":0,"jetpack_post_was_ever_published":false,"_jetpack_newsletter_access":"","_jetpack_dont_email_post_to_subs":false,"_jetpack_newsletter_tier_id":0,"_jetpack_memberships_contains_paywalled_content":false,"_jetpack_memberships_contains_paid_content":false,"footnotes":"","jetpack_publicize_message":"","jetpack_publicize_feature_enabled":true,"jetpack_social_post_already_shared":false,"jetpack_social_options":{"image_generator_settings":{"template":"highway","default_image_id":0,"font":"","enabled":false},"version":2}},"categories":[62,45,4],"tags":[712,46,63,708,718,66,713,719,709,702,1209,186,704,717,52,705,707,714,1207,703,715,597,710,716,513,711,1200,706,53],"class_list":["post-2197","post","type-post","status-publish","format-standard","hentry","category-foto","category-portratt","category-total-waste-of-time","tag-alkoholism","tag-badrumsbilder","tag-bilder","tag-boxning","tag-charles-bukowski","tag-dod","tag-elchocker","tag-fem-bockerna","tag-forfattande","tag-forfattare","tag-foto","tag-hemingway","tag-il-faut-dabord-durer","tag-illusterared-klassiker","tag-konstprojekt","tag-man-maste-halla-ut","tag-otur","tag-piller","tag-portratt","tag-poserande","tag-sjalvbild","tag-sjalvmord","tag-skrivande","tag-spegelbild","tag-spegelbilder","tag-superi","tag-total-waste-of-time","tag-tur","tag-vader"],"jetpack_publicize_connections":[],"jetpack_featured_media_url":"","jetpack_shortlink":"https:\/\/wp.me\/pthEr-zr","jetpack_sharing_enabled":true,"jetpack_likes_enabled":true,"_links":{"self":[{"href":"https:\/\/www.me-we.me\/index.php?rest_route=\/wp\/v2\/posts\/2197","targetHints":{"allow":["GET"]}}],"collection":[{"href":"https:\/\/www.me-we.me\/index.php?rest_route=\/wp\/v2\/posts"}],"about":[{"href":"https:\/\/www.me-we.me\/index.php?rest_route=\/wp\/v2\/types\/post"}],"author":[{"embeddable":true,"href":"https:\/\/www.me-we.me\/index.php?rest_route=\/wp\/v2\/users\/2"}],"replies":[{"embeddable":true,"href":"https:\/\/www.me-we.me\/index.php?rest_route=%2Fwp%2Fv2%2Fcomments&post=2197"}],"version-history":[{"count":24,"href":"https:\/\/www.me-we.me\/index.php?rest_route=\/wp\/v2\/posts\/2197\/revisions"}],"predecessor-version":[{"id":2205,"href":"https:\/\/www.me-we.me\/index.php?rest_route=\/wp\/v2\/posts\/2197\/revisions\/2205"}],"wp:attachment":[{"href":"https:\/\/www.me-we.me\/index.php?rest_route=%2Fwp%2Fv2%2Fmedia&parent=2197"}],"wp:term":[{"taxonomy":"category","embeddable":true,"href":"https:\/\/www.me-we.me\/index.php?rest_route=%2Fwp%2Fv2%2Fcategories&post=2197"},{"taxonomy":"post_tag","embeddable":true,"href":"https:\/\/www.me-we.me\/index.php?rest_route=%2Fwp%2Fv2%2Ftags&post=2197"}],"curies":[{"name":"wp","href":"https:\/\/api.w.org\/{rel}","templated":true}]}}