{"id":1546,"date":"2010-03-23T14:43:37","date_gmt":"2010-03-23T13:43:37","guid":{"rendered":"http:\/\/www.me-we.me\/?p=1546"},"modified":"2016-05-26T10:38:30","modified_gmt":"2016-05-26T08:38:30","slug":"innan-ogonblicket","status":"publish","type":"post","link":"https:\/\/www.me-we.me\/?p=1546","title":{"rendered":"Innan \u00f6gonblicket"},"content":{"rendered":"<p><img data-recalc-dims=\"1\" loading=\"lazy\" decoding=\"async\" class=\"aligncenter size-full wp-image-1545\" title=\"kejsarspira_100319_x450\" src=\"https:\/\/i0.wp.com\/www.me-we.me\/wp-content\/uploads\/2010\/03\/kejsarspira_100319_x4501.jpg?resize=450%2C572&#038;ssl=1\" alt=\"Kejsarspira\" width=\"450\" height=\"572\" srcset=\"https:\/\/i0.wp.com\/www.me-we.me\/wp-content\/uploads\/2010\/03\/kejsarspira_100319_x4501.jpg?w=450&amp;ssl=1 450w, https:\/\/i0.wp.com\/www.me-we.me\/wp-content\/uploads\/2010\/03\/kejsarspira_100319_x4501.jpg?resize=236%2C300&amp;ssl=1 236w\" sizes=\"auto, (max-width: 450px) 100vw, 450px\" \/><\/p>\n<p style=\"text-align: left;\">F\u00e5nga  \u00f6gonblicket, f\u00e5nga dagen, lev i nuet, preserve the moment, cease the day&#8230; carpe diem&#8230; \u00e4r tr\u00f6ttsamt i l\u00e5nga loppet. Livet ser inte ut s\u00e5. V\u00e5rt eget ego f\u00f6rskjuter tidslinjen. N\u00e4r vi \u00e4r framme har vi redan passerat. F\u00f6r en fotograf kan \u00f6gonblicket pl\u00f6tsligt vara d\u00e4r, har att g\u00f6ra med saker som h\u00e4nder pl\u00f6tsligt, ett s\u00e4llsynt flyktigt \u00f6gonblick av fasa eller munter familjetillst\u00e4llning, en \u00f6ppning i molnen efter ett \u00e5skv\u00e4der \u00f6ver Manhattan som f\u00e5r alla skyskrapor att bada i orange sken mot en svart himmel i n\u00e5gra sekunder, det sker bara en g\u00e5ng vartannat \u00e5r kanske, och det finns fotografer som ligger och v\u00e4ntar p\u00e5 det d\u00e4r \u00f6gonblicket, att det ska dyka upp och d\u00e5 \u00e4r han beredd.<\/p>\n<p style=\"text-align: left;\">Ju \u00e4ldre jag blir har dessa \u00f6gonblick n\u00e4r jag rycker fram kameran oftast att g\u00f6ra med helt stillast\u00e5ende saker, som milt leende l\u00e4tt l\u00e5ter sig f\u00e5ngas. Som en n\u00e4stan kolsvart hall om natten n\u00e4r alla ligger och sover, med n\u00e5gra burkar och lite skr\u00e4p som syns i det disiga morgonljuset, men det blir alltmer blommor och v\u00e4xter i tr\u00e4dg\u00e5rden i digitalkameran. Fast jag vet s\u00e4llan vad jag ska g\u00f6ra med mina blombilder. Det finns ingen po\u00e4ng i att titta p\u00e5 dom. Eller att visa dom. Det roar mig att de inte har n\u00e5gon funktion. Naturen betyder ingenting. Den kr\u00e5mar sig inte och g\u00f6r sig till. \u00c4ven om den framst\u00e5r som det enda riktiga mer och mer. Det enda riktigt verkliga och best\u00e4ndiga. Den saknar tid. Det h\u00e4r verkar st\u00e5 i proportionellt f\u00f6rh\u00e5llande till \u00e5ldern. Grejer som st\u00e5r stilla. Ett stillast\u00e5ende som p\u00e5minner om ett &#8221;nu&#8221;. Det passar bra. Man beh\u00f6ver inte ligga och lura och smyga sig p\u00e5 blommor.<\/p>\n<p style=\"text-align: left;\"><!--more--><img data-recalc-dims=\"1\" loading=\"lazy\" decoding=\"async\" class=\"aligncenter size-full wp-image-1548\" title=\"morgondagg_091101_x450\" src=\"https:\/\/i0.wp.com\/www.me-we.me\/wp-content\/uploads\/2010\/03\/morgondagg_091101_x450.jpg?resize=450%2C244&#038;ssl=1\" alt=\"Morgondagg\" width=\"450\" height=\"244\" srcset=\"https:\/\/i0.wp.com\/www.me-we.me\/wp-content\/uploads\/2010\/03\/morgondagg_091101_x450.jpg?w=450&amp;ssl=1 450w, https:\/\/i0.wp.com\/www.me-we.me\/wp-content\/uploads\/2010\/03\/morgondagg_091101_x450.jpg?resize=300%2C162&amp;ssl=1 300w\" sizes=\"auto, (max-width: 450px) 100vw, 450px\" \/><\/p>\n<p style=\"text-align: left;\">Det stillast\u00e5ende fotot har en s\u00e4llsynt och lite kuslig f\u00f6rm\u00e5ga att frysa ett \u00f6gonblick som inget sinne klarar av. Det \u00e4r ibland en k\u00e4nsla av overklighet, man undrar om det verkligen h\u00e4nt, det st\u00e5r utanf\u00f6r ens f\u00f6rm\u00e5ga att leva i nuet, vilket \u00e4r en stor och el\u00e4ndig myt som \u00e4r sv\u00e5r att frig\u00f6ra sig fr\u00e5n f\u00f6r m\u00e4nskligheten. Det tjatas om det som \u00f6sterl\u00e4ndsk visdom, men det g\u00e5r inte, s\u00e5 fort man t\u00e4nkt tanken har \u00f6gonblicket passerat. B\u00e4ttre att ta vara p\u00e5 k\u00e4nslan &#8221;innan&#8221;, &#8221;innan&#8221; \u00e4r en mycket l\u00e4ngre tid. En del innank\u00e4nslor kan vara ett bra tag. Innan varar s\u00e5 pass l\u00e4nge att vi hinner njuta av den. Sj\u00e4lva h\u00f6jdpunkten \u00e4r otydlig och ofta \u00f6ver <strong><em>innan <\/em><\/strong>vi hann se det ordentligt, upplevelsen uteblev rent av. Innan sj\u00e4lva klimaxen, innan det b\u00e4sta \u00e4r det som allra b\u00e4st.<\/p>\n<p style=\"text-align: left;\">Fredagseftermiddagen innan helgen, precis innan orgasmen, v\u00e5rens f\u00f6rsta v\u00e4rmande solstr\u00e5lar n\u00e4r den sista sn\u00f6n sm\u00e4lter och allt gammalt grus sopas upp av energiskt gula sopbilar, barnets f\u00f6rv\u00e4ntan p\u00e5 julaftonsmorgonen, gl\u00e4djen innan semesterresan, innan den fantastiska middagen, innan dejten med den d\u00e4r kvinnan. Den \u00e4r l\u00e4ngre och g\u00e5r att suga p\u00e5 som en karamell. Mitt inne i nuet upplever vi inte det vi s\u00e5g fram emot, mitt inne i det \u00e4r vi upptagna av att t\u00e4nka p\u00e5 annat, hur vi blir uppfattade och vad vi ska g\u00f6ra sen&#8230; vi \u00e4r borta, bredvid, p\u00e5 sidan om \u00f6gonblicket. Det b\u00e4sta \u00e4r alltid innan det b\u00e4sta&#8230;.<\/p>\n<h4 style=\"text-align: left;\"><img data-recalc-dims=\"1\" loading=\"lazy\" decoding=\"async\" class=\"aligncenter size-full wp-image-1554\" title=\"farfarsfar_olof_in_his_garden\" src=\"https:\/\/i0.wp.com\/www.me-we.me\/wp-content\/uploads\/2010\/03\/farfarsfar_olof_in_his_garden.jpg?resize=450%2C293&#038;ssl=1\" alt=\"Farfars far Olof poserande i sin tr\u00e4dg\u00e5rd.\" width=\"450\" height=\"293\" srcset=\"https:\/\/i0.wp.com\/www.me-we.me\/wp-content\/uploads\/2010\/03\/farfarsfar_olof_in_his_garden.jpg?w=450&amp;ssl=1 450w, https:\/\/i0.wp.com\/www.me-we.me\/wp-content\/uploads\/2010\/03\/farfarsfar_olof_in_his_garden.jpg?resize=300%2C195&amp;ssl=1 300w\" sizes=\"auto, (max-width: 450px) 100vw, 450px\" \/><span style=\"color: #888888;\">Farfars far Olof, v\u00e4rdigt poserande f\u00f6r sitt f\u00f6revigande i sin tr\u00e4dg\u00e5rd, innan han blev en del av den sj\u00e4lv. Preserving the moment in the descending sun. Nu i min blogg. Det fungerade! Hej Olof!<br \/>\n<\/span><\/h4>\n<p style=\"text-align: left;\">Nuet \u00e4r sen en tid f\u00f6rberett. Nuet vilar ocks\u00e5 tryggt i det som verkar d\u00f6tt. Framtiden har en sj\u00e4lvklar plats d\u00e4r ocks\u00e5. Nuet \u00e4r en samling tid av allt, en om\u00f6jlighet om man inte kan se runt h\u00f6rnet. Men i det vi tror oss se i nuet, skeendet, lurar nu en f\u00f6raning om att det ska bli v\u00e5r och sommar igen, att kosmos och v\u00e5r jord verkligen fungerar, \u00e4nnu en g\u00e5ng, och kommer fram under sn\u00f6n. Jag ryckte fram min kamera s\u00e5 fort jag s\u00e5g en av mina favoriter i tr\u00e4dg\u00e5rden, Kejsarspiran. Den har \u00e4nnu inte f\u00e5tt sin l\u00e5nga st\u00e5ndare, sj\u00e4lva spiran, men den \u00e4r f\u00f6rberedd. Den ser rent av tropisk ut d\u00e4r den hade krupit fram genom sn\u00f6n. Ser helt fr\u00e4sch ut d\u00e4r den legat och tryckt hela vintern i skydd av gl\u00f6mska och m\u00f6rker.<\/p>\n<p style=\"text-align: left;\">Naturen \u00e4r p\u00e5 ett s\u00e4tt alltid mer i nuet \u00e4n t\u00e4nkande varelser, d\u00e4r p\u00e5g\u00e5r f\u00f6rnyelsen st\u00e4ndigt i ett tydligare presens. Den t\u00e4nker inte efter. Den letar inte efter kameran f\u00f6r att f\u00f6reviga \u00f6gonblicket, som mammor som ska filma och fotografera allt, arkivera ens dotters alla avslutningar och f\u00f6delsedagar, s\u00e5 att det verkligen ser ut sen i backspegeln som att man har levt, man hade ett liv, jag levde. Detta g\u00f6r sj\u00e4lvklart att man kan missa eventuella nu-upplevelser, eller i b\u00e4sta fall, just innan&#8230; J\u00e4mf\u00f6r ordet &#8221;innan&#8221; med &#8221;efter\u00e5t&#8221;, jag tror &#8221;innan&#8221; skulle vinna klart i en omr\u00f6stning om det &#8221;b\u00e4sta i livet&#8221;.<\/p>\n<p style=\"text-align: left;\"><strong>FOTNOT: <\/strong> De enda g\u00e5ngerna man \u00e4r v\u00e4ldigt n\u00e4ra nuet \u00e4r n\u00e4r man har sex eller spelar tennis, och bara stirrar p\u00e5 den d\u00e4r bollen. Man t\u00e4nker inte p\u00e5 vad man ska ha till middag, bara f\u00f6ljer bollen, det \u00e4r en form av v\u00e4sterl\u00e4ndsk meditation. \u201dNu\u201d \u00e4r n\u00e4rmast ett noll\u00e4ge, Nirvana. F\u00f6r oss vanliga d\u00f6dliga inneb\u00e4r det att man troligen redan \u00e4r d\u00f6d, allts\u00e5 g\u00e5tt ur tiden! Ett underbart uttryck, g\u00f6r d\u00f6den n\u00e5got ljusare och mer vettig, som en framg\u00e5ng, utveckling.<\/p>\n<p style=\"text-align: left;\">\n","protected":false},"excerpt":{"rendered":"<p>F\u00e5nga \u00f6gonblicket, f\u00e5nga dagen, lev i nuet, preserve the moment, cease the day&#8230; carpe diem&#8230; \u00e4r tr\u00f6ttsamt i l\u00e5nga loppet. Livet ser inte ut s\u00e5. V\u00e5rt eget ego f\u00f6rskjuter tidslinjen. N\u00e4r vi \u00e4r framme har vi redan passerat. F\u00f6r en fotograf kan \u00f6gonblicket pl\u00f6tsligt vara d\u00e4r, har att g\u00f6ra med saker som h\u00e4nder pl\u00f6tsligt, ett &hellip; <a href=\"https:\/\/www.me-we.me\/?p=1546\" class=\"more-link\">Forts\u00e4tt l\u00e4sa <span class=\"screen-reader-text\">Innan \u00f6gonblicket<\/span><\/a><\/p>\n","protected":false},"author":2,"featured_media":0,"comment_status":"open","ping_status":"open","sticky":false,"template":"","format":"standard","meta":{"ngg_post_thumbnail":0,"jetpack_post_was_ever_published":false,"_jetpack_newsletter_access":"","_jetpack_dont_email_post_to_subs":false,"_jetpack_newsletter_tier_id":0,"_jetpack_memberships_contains_paywalled_content":false,"_jetpack_memberships_contains_paid_content":false,"footnotes":"","jetpack_publicize_message":"","jetpack_publicize_feature_enabled":true,"jetpack_social_post_already_shared":false,"jetpack_social_options":{"image_generator_settings":{"template":"highway","default_image_id":0,"font":"","enabled":false},"version":2}},"categories":[62,370,458,59],"tags":[420,187,63,418,417,415,66,422,414,425,413,426,421,416,69,103,423,424,427,135,64,412,411,409,410,419],"class_list":["post-1546","post","type-post","status-publish","format-standard","hentry","category-foto","category-metafysik","category-natur-2","category-slow-pictures","tag-arkiv","tag-arkiverande","tag-bilder","tag-blombilder","tag-blommor","tag-carpe-diem","tag-dod","tag-efterat","tag-fanga-dagen","tag-foreviga","tag-foton","tag-framtiden","tag-innan","tag-kejsarspira","tag-minnen","tag-natur","tag-naturbilder","tag-nature-morte","tag-nirvana","tag-njutning","tag-nostalgi","tag-nu","tag-nuet","tag-ogonblick","tag-ogonblicket","tag-tradgard"],"jetpack_publicize_connections":[],"jetpack_featured_media_url":"","jetpack_shortlink":"https:\/\/wp.me\/pthEr-oW","jetpack_sharing_enabled":true,"jetpack_likes_enabled":true,"_links":{"self":[{"href":"https:\/\/www.me-we.me\/index.php?rest_route=\/wp\/v2\/posts\/1546","targetHints":{"allow":["GET"]}}],"collection":[{"href":"https:\/\/www.me-we.me\/index.php?rest_route=\/wp\/v2\/posts"}],"about":[{"href":"https:\/\/www.me-we.me\/index.php?rest_route=\/wp\/v2\/types\/post"}],"author":[{"embeddable":true,"href":"https:\/\/www.me-we.me\/index.php?rest_route=\/wp\/v2\/users\/2"}],"replies":[{"embeddable":true,"href":"https:\/\/www.me-we.me\/index.php?rest_route=%2Fwp%2Fv2%2Fcomments&post=1546"}],"version-history":[{"count":22,"href":"https:\/\/www.me-we.me\/index.php?rest_route=\/wp\/v2\/posts\/1546\/revisions"}],"predecessor-version":[{"id":3170,"href":"https:\/\/www.me-we.me\/index.php?rest_route=\/wp\/v2\/posts\/1546\/revisions\/3170"}],"wp:attachment":[{"href":"https:\/\/www.me-we.me\/index.php?rest_route=%2Fwp%2Fv2%2Fmedia&parent=1546"}],"wp:term":[{"taxonomy":"category","embeddable":true,"href":"https:\/\/www.me-we.me\/index.php?rest_route=%2Fwp%2Fv2%2Fcategories&post=1546"},{"taxonomy":"post_tag","embeddable":true,"href":"https:\/\/www.me-we.me\/index.php?rest_route=%2Fwp%2Fv2%2Ftags&post=1546"}],"curies":[{"name":"wp","href":"https:\/\/api.w.org\/{rel}","templated":true}]}}