{"id":1410,"date":"2010-01-17T15:03:23","date_gmt":"2010-01-17T14:03:23","guid":{"rendered":"http:\/\/www.me-we.me\/?p=1410"},"modified":"2016-05-26T10:40:52","modified_gmt":"2016-05-26T08:40:52","slug":"en-del-saker-gar-i-arv","status":"publish","type":"post","link":"https:\/\/www.me-we.me\/?p=1410","title":{"rendered":"En del saker g\u00e5r i arv&#8230;"},"content":{"rendered":"<p><img data-recalc-dims=\"1\" loading=\"lazy\" decoding=\"async\" class=\"alignleft size-full wp-image-1411\" style=\"margin: 3px 5px;\" title=\"ottie_friluftsdag_1001\" src=\"https:\/\/i0.wp.com\/www.me-we.me\/wp-content\/uploads\/2010\/01\/ottie_friluftsdag_1001.jpg?resize=267%2C356&#038;ssl=1\" alt=\"\" width=\"267\" height=\"356\" srcset=\"https:\/\/i0.wp.com\/www.me-we.me\/wp-content\/uploads\/2010\/01\/ottie_friluftsdag_1001.jpg?w=267&amp;ssl=1 267w, https:\/\/i0.wp.com\/www.me-we.me\/wp-content\/uploads\/2010\/01\/ottie_friluftsdag_1001.jpg?resize=225%2C300&amp;ssl=1 225w\" sizes=\"auto, (max-width: 267px) 100vw, 267px\" \/><\/p>\n<h2 style=\"text-align: left;\"><strong>&#8221;Skridskor  \u00e4r det l\u00e4skigaste i hela v\u00e4rlden. Jag dricker hellre varmchoklad&#8221;<\/strong><\/h2>\n<p style=\"text-align: left;\">S\u00e5 skrev min dotter Ottie till mig i ett morgon-MMS med bilden h\u00e4r bredvid. P\u00e5 friluftsdag med skolan. Bara namnet ger en rysningar, flashbacks fr\u00e5n barndomen. Ingen gillade friluftsdagen, man fick alltid lite resfeber, utom gymnastik-magistern som triumferande pep p\u00e5 sin visselpipa, och skramlade med sin nyckelknippa runt halsen som en f\u00e5ngvaktare. Alla de d\u00e4r dagarna med friluft p\u00e5 Hellasg\u00e5rden d\u00e4r choklad-termosarna gick s\u00f6nder i ryggs\u00e4cken och rann ut \u00f6ver \u00e4ggmackorna. Det h\u00e4nde alltid samma g\u00e4ng, och de som inte havererat delade inte med sig. Man var r\u00f6kt. Vi losers fick se p\u00e5 n\u00e4r de andra \u00e5t. Inte ens det var vi bra p\u00e5. Utanf\u00f6r i kylan. Vi kunde ju inte bara ta upp plats vid borden i det tillyxade timmerhuset, dit folk med hela termosar k\u00f6ade. I f\u00f6rorten fanns det noll solidaritet. Och n\u00e4r den kom n\u00e5gra \u00e5r senare s\u00e5 var det Vietnam och Nicaragua man skulle solidarisera sig med, s\u00e5 l\u00e5ngt h\u00e4rifr\u00e5n som m\u00f6jligt\u2026 f\u00f6r att nu ha f\u00f6rsvunnit som ord n\u00e4stan\u2026<\/p>\n<p style=\"text-align: left;\"><!--more--><\/p>\n<p style=\"text-align: left;\">Sen hoppade en v\u00e4ldigt r\u00f6dn\u00e4st man i vaken, nja han var faktiskt lila, l\u00e5g d\u00e4r och v\u00e4ste fram n\u00e5got paniskt och osammanh\u00e4ngande om att man m\u00e5ste upp, vi trodde alltid att det var sista g\u00e5ngen f\u00f6r den gamle mannen.. vilket jobb\u2026 Flera f\u00f6rest\u00e4llningar om dagen hela vintern, och i varje f\u00f6rest\u00e4llning ingick flera prov p\u00e5 hur man skulle g\u00f6ra och inte g\u00f6ra.\u00a0 Tror inte ens han bastade innan. Och v\u00e5tdr\u00e4kt fanns ju inte d\u00e5. En \u00e4kta hemmafakir. Det \u00e4r v\u00e4l s\u00e5na som sk\u00e4r sig idag. Isen brakade till ofta av alla sp\u00e4nningar. Det \u00f6kade dramatiken. Det l\u00e4t varje g\u00e5ng som att vi alla skulle hamna i en j\u00e4ttevak tillsammans med den lila mannen.<\/p>\n<h6><\/h6>\n<h6 style=\"text-align: center;\"><img loading=\"lazy\" decoding=\"async\" class=\"aligncenter\" title=\"vaken\" src=\"..\/wp-content\/uploads\/2010\/01\/vaken2.jpg\" alt=\"\" width=\"448\" height=\"306\" \/><span style=\"color: #888888;\">Hellasg\u00e5rdens vak. L\u00e5ngt innan kinesernas vattentortyr och Gu\u00e1ntanamo.<\/span><\/h6>\n<p style=\"text-align: left;\">Och s\u00e5 de j\u00e4vla skridskorna, varf\u00f6r?? Varf\u00f6r skulle man bara \u00e5ka runt runt i oslipade bandyr\u00f6r, grabbarna hade ju riktiga hockeygriller, och kunde tv\u00e4rstanna s\u00e5 d\u00e4r fr\u00e4nt s\u00e5 att det yrde sn\u00f6 p\u00e5 en. Jag blev aldrig bra. \u00c5kte p\u00e5 fotkn\u00f6larna l\u00e4nge. F\u00f6r evigt back, slutligen i m\u00e5let. Allra sist helt utan skridskor, pj\u00e4xorna k\u00e4ndes s\u00e4krare och varmare.\u00a0 D\u00e5 klagade motst\u00e5ndarlaget. Jag hade ju bara ansiktsmask, f\u00e5tt av pappa. Inget mer skydd. Funderade ett tag p\u00e5 att k\u00f6ra med boxhandskarna, men de sa att det var farligt. Men man f\u00f6rfr\u00f6s ju alltid f\u00f6tterna i bandyr\u00f6ren och sen det d\u00e4r med att ta av sig fanskapet. P\u00e5 den kalla b\u00e4nken med ett lager av is p\u00e5. Fingrarna var redan r\u00f6da och s\u00f6nderfrysta. Sn\u00f6rpningen g\u00e5r alltid s\u00f6nder n\u00e4r man ska ta p\u00e5 sig grejerna s\u00e5 det blir inte mycket till uppv\u00e4rmning n\u00e4r man ska tr\u00e5ckla ihop allt.\u00a0 Efter en kort uppvisning p\u00e5 isen d\u00e4r det mesta g\u00e5r ut p\u00e5 att inte krocka med folk, det gick ju inte att stanna, har sn\u00f6rena blivit stela och hopsvetsade av is och man svor helt vuxet, innan man fick upp el\u00e4ndet. Man f\u00f6rstod aldrig po\u00e4ngen. Och sen den ohyggliga sm\u00e4rtan n\u00e4r man la h\u00e4nderna p\u00e5 ett varmt element i en trappuppg\u00e5ng\u2026 Ja man m\u00e5ste ju testa allt som barn, som att frysa fast tungan p\u00e5 trappr\u00e4cket\u2026 Always crash in the same car \u2013 \u201dJag <em><strong>ville <\/strong><\/em>att min bil skulle g\u00e5 s\u00f6nder!\u201d\u2026<\/p>\n<p style=\"text-align: left;\">Som mycket i gymnastiken var det mest drill och uppfostran, f\u00e5 lite hyfs och pli p\u00e5 grabbarna det var fr\u00e5gan om. En slags hemmasnickrad f\u00f6rortsfascism. Boxningsringen stod uppst\u00e4lld som ett hot de f\u00f6rsta veckorna. Och s\u00e5 de d\u00e4r j\u00e4kla hopp-plintarna\u2026 som bara fanns till f\u00f6r en sak, konstigt att det blev barn till slut\u2026 Och nu har det g\u00e5tt runt ett varv, nu klagar min dotter p\u00e5 den f\u00f6rbannade skiten. Jag \u00e4r fullt beredd att skriva sjukintyg, det kan hon ju skriva sj\u00e4lv f\u00f6rresten\u2026 N\u00e4r det var som mest friluftsdag i min ungdom fick jag lunginflammation, och d\u00e5 tyckte pappa att det g\u00e5tt f\u00f6r l\u00e5ngt han ocks\u00e5 och sk\u00e4llde ut fr\u00f6ken. Men det allra l\u00e4skigaste var nog simprovet, n\u00e4r alla g\u00f6r \u201dbomben\u201d framf\u00f6r en och man k\u00e4mpar p\u00e5 efter kallsup p\u00e5 kallsup\u2026 Usch den d\u00e4r lukten av klor och urin, och de bed\u00f6vande skriken av 500 kids p\u00e5 \u00c4lvsj\u00f6badet, \u00e4r en g\u00e5ta.<\/p>\n<p style=\"text-align: left;\">Mitt svar p\u00e5 MMS:et \u2013 <strong><em>\u201dHahaha!!! Urs\u00e4kta att jag skrattade gott \u00e5t dig, men jag tycker faktiskt synd om dig, jag skulle heller inte fixa konst\u00e5kningsskridskor\u2026. F\u00e5r jag l\u00e4gga ditt mess p\u00e5 min blogg?\u00a0\u00a0 Puss!\u00a0 Papa\u201d<\/em><\/strong>. Jag har faktiskt sidor, antagligen genetiska, som jag inte vill f\u00f6ra vidare\u2026 Vad man vill f\u00f6ra vidare \u00e4r att man kan s\u00e4ga nej till friluftsdag. Fri luft. Visst luften \u00e4r fri. Inte bara p\u00e5 den dagen. Men n\u00e5got m\u00e5ste jag ha l\u00e4rt mig. P\u00e5 senare \u00e5r har vi med lyckat resultat anordnat konst\u00e5kningst\u00e4vlingar. Med korvgrillning d\u00e4r man kunde v\u00e4rma sig och gl\u00f6dgat Vino Tinto. En kille fr\u00e5n Algeriet vann. Han hade aldrig st\u00e5tt p\u00e5\u00a0 ett par skridskor. Hans mycket fria stil blev sm\u00e5tt stilbildande och han vann ledigt juryflickornas hj\u00e4rtan.<\/p>\n<p style=\"text-align: left;\"><a title=\"DNA-ART - genetic designwork\" href=\"http:\/\/www.dna-art.se\" target=\"_blank\">Ditt eget DNA som konst&#8230;<\/a><\/p>\n","protected":false},"excerpt":{"rendered":"<p>&#8221;Skridskor \u00e4r det l\u00e4skigaste i hela v\u00e4rlden. Jag dricker hellre varmchoklad&#8221; S\u00e5 skrev min dotter Ottie till mig i ett morgon-MMS med bilden h\u00e4r bredvid. P\u00e5 friluftsdag med skolan. Bara namnet ger en rysningar, flashbacks fr\u00e5n barndomen. Ingen gillade friluftsdagen, man fick alltid lite resfeber, utom gymnastik-magistern som triumferande pep p\u00e5 sin visselpipa, och skramlade &hellip; <a href=\"https:\/\/www.me-we.me\/?p=1410\" class=\"more-link\">Forts\u00e4tt l\u00e4sa <span class=\"screen-reader-text\">En del saker g\u00e5r i arv&#8230;<\/span><\/a><\/p>\n","protected":false},"author":2,"featured_media":0,"comment_status":"open","ping_status":"open","sticky":false,"template":"","format":"standard","meta":{"ngg_post_thumbnail":0,"jetpack_post_was_ever_published":false,"_jetpack_newsletter_access":"","_jetpack_dont_email_post_to_subs":false,"_jetpack_newsletter_tier_id":0,"_jetpack_memberships_contains_paywalled_content":false,"_jetpack_memberships_contains_paid_content":false,"footnotes":"","jetpack_publicize_message":"","jetpack_publicize_feature_enabled":true,"jetpack_social_post_already_shared":false,"jetpack_social_options":{"image_generator_settings":{"template":"highway","default_image_id":0,"font":"","enabled":false},"version":2}},"categories":[1],"tags":[327,331,328,333,329,319,325,332,330,320,322,324,69,323,326,321],"class_list":["post-1410","post","type-post","status-publish","format-standard","hentry","category-okategoriserat","tag-alvsjobadet","tag-arv","tag-barndomen","tag-dna","tag-flashbacks","tag-friluftsdag","tag-frysa","tag-ga-i-arv","tag-genetik","tag-gymnastik","tag-hellasgarden","tag-ishockey","tag-minnen","tag-mms","tag-simprovet","tag-skridskor"],"jetpack_publicize_connections":[],"jetpack_featured_media_url":"","jetpack_shortlink":"https:\/\/wp.me\/pthEr-mK","jetpack_sharing_enabled":true,"jetpack_likes_enabled":true,"_links":{"self":[{"href":"https:\/\/www.me-we.me\/index.php?rest_route=\/wp\/v2\/posts\/1410","targetHints":{"allow":["GET"]}}],"collection":[{"href":"https:\/\/www.me-we.me\/index.php?rest_route=\/wp\/v2\/posts"}],"about":[{"href":"https:\/\/www.me-we.me\/index.php?rest_route=\/wp\/v2\/types\/post"}],"author":[{"embeddable":true,"href":"https:\/\/www.me-we.me\/index.php?rest_route=\/wp\/v2\/users\/2"}],"replies":[{"embeddable":true,"href":"https:\/\/www.me-we.me\/index.php?rest_route=%2Fwp%2Fv2%2Fcomments&post=1410"}],"version-history":[{"count":30,"href":"https:\/\/www.me-we.me\/index.php?rest_route=\/wp\/v2\/posts\/1410\/revisions"}],"predecessor-version":[{"id":3172,"href":"https:\/\/www.me-we.me\/index.php?rest_route=\/wp\/v2\/posts\/1410\/revisions\/3172"}],"wp:attachment":[{"href":"https:\/\/www.me-we.me\/index.php?rest_route=%2Fwp%2Fv2%2Fmedia&parent=1410"}],"wp:term":[{"taxonomy":"category","embeddable":true,"href":"https:\/\/www.me-we.me\/index.php?rest_route=%2Fwp%2Fv2%2Fcategories&post=1410"},{"taxonomy":"post_tag","embeddable":true,"href":"https:\/\/www.me-we.me\/index.php?rest_route=%2Fwp%2Fv2%2Ftags&post=1410"}],"curies":[{"name":"wp","href":"https:\/\/api.w.org\/{rel}","templated":true}]}}