{"id":1089,"date":"2009-06-30T01:46:53","date_gmt":"2009-06-30T00:46:53","guid":{"rendered":"http:\/\/www.me-we.me\/?p=1089"},"modified":"2009-07-10T12:15:51","modified_gmt":"2009-07-10T11:15:51","slug":"farinelli-tidig-megastjarna","status":"publish","type":"post","link":"https:\/\/www.me-we.me\/?p=1089","title":{"rendered":"Farinelli &#8211; tidig megastj\u00e4rna"},"content":{"rendered":"<h6><object classid=\"clsid:d27cdb6e-ae6d-11cf-96b8-444553540000\" width=\"450\" height=\"371\" codebase=\"http:\/\/download.macromedia.com\/pub\/shockwave\/cabs\/flash\/swflash.cab#version=6,0,40,0\"><param name=\"src\" value=\"http:\/\/www.youtube.com\/v\/uu1Z2PoaE5I\" \/><\/object><\/p>\n<p>MUSIK  F\u00d6R MELANKOLI OCH SORG;\u00a0\u00a0 N\u00c4R PILLERNA INTE HJ\u00c4LPER<br \/>\nLascia ch&#8217;io Pianga, av H\u00e4ndel.<\/h6>\n<p><img data-recalc-dims=\"1\" loading=\"lazy\" decoding=\"async\" class=\"alignleft size-full wp-image-1090\" title=\"Carlo_Broschi\" src=\"https:\/\/i0.wp.com\/www.me-we.me\/wp-content\/uploads\/2009\/06\/Carlo_Broschi.jpg?resize=200%2C272&#038;ssl=1\" alt=\"Carlo_Broschi\" width=\"200\" height=\"272\" \/><strong>Farinelli<\/strong> \u00e4r en film fr\u00e5n 1994 som handlar om den neapolitanska kastrats\u00e5ngaren med artistnamnet Farinelli.<\/p>\n<p>Filmen Farinelli var f\u00f6rst gjord endast i konstn\u00e4rligt \u00e4ndam\u00e5l men dess sk\u00f6nhet, kraft och f\u00f6rf\u00f6riska musik gjorde att den slog igenom \u00f6ver hela v\u00e4rlden inom alla kretsar, inte bara konstn\u00e4rliga.<\/p>\n<p>Den har vunnit en Golden Globe f\u00f6r B\u00e4sta utl\u00e4ndska film och det s\u00e4gs att den, ett flertal g\u00e5nger, har p\u00e5verkat tittare s\u00e5 starkt att dom har svimmat och vaknat upp med en n\u00e4st in till skadlig besatthet f\u00f6r klassisk kastrats\u00e5ng. Det \u00e4r ocks\u00e5 ett k\u00e4nt faktum att personer i publiken vid Farinellis f\u00f6rest\u00e4llningar, har reagerat likadant.<\/p>\n<p>\u00a0<\/p>\n<h6 style=\"text-align: left;\"><span style=\"color: #888888;\">[Farinelli&#8217;s singing voice was provided? by a soprano, Ewa Ma?as-Godlewska and a countertenor, Derek Lee Ragin, who were recorded separately then digitally merged to recreate the sound of a castrato.]\u00a0\u00a0\u00a0 [K\u00e4lla: Wikipedia]<\/span><\/h6>\n<p style=\"text-align: left;\"><a href=\"http:\/\/sv.wikipedia.org\/wiki\/Farinelli\" target=\"_blank\">Mer om Farinelli p\u00e5 Wikipedia<\/a><br \/>\n<span style=\"color: #ffffff;\"><a href=\"http:\/\/bloggkartan.se\/registrera\/27423\/visby\" target=\"_blank\"><span style=\"color: #ffffff;\">Bloggkartan<\/span><\/a><\/span><\/p>\n","protected":false},"excerpt":{"rendered":"<p>MUSIK F\u00d6R MELANKOLI OCH SORG;\u00a0\u00a0 N\u00c4R PILLERNA INTE HJ\u00c4LPER Lascia ch&#8217;io Pianga, av H\u00e4ndel. Farinelli \u00e4r en film fr\u00e5n 1994 som handlar om den neapolitanska kastrats\u00e5ngaren med artistnamnet Farinelli. Filmen Farinelli var f\u00f6rst gjord endast i konstn\u00e4rligt \u00e4ndam\u00e5l men dess sk\u00f6nhet, kraft och f\u00f6rf\u00f6riska musik gjorde att den slog igenom \u00f6ver hela v\u00e4rlden inom alla &hellip; <a href=\"https:\/\/www.me-we.me\/?p=1089\" class=\"more-link\">Forts\u00e4tt l\u00e4sa <span class=\"screen-reader-text\">Farinelli &#8211; tidig megastj\u00e4rna<\/span><\/a><\/p>\n","protected":false},"author":2,"featured_media":0,"comment_status":"open","ping_status":"open","sticky":false,"template":"","format":"standard","meta":{"ngg_post_thumbnail":0,"jetpack_post_was_ever_published":false,"_jetpack_newsletter_access":"","_jetpack_dont_email_post_to_subs":false,"_jetpack_newsletter_tier_id":0,"_jetpack_memberships_contains_paywalled_content":false,"_jetpack_memberships_contains_paid_content":false,"footnotes":"","jetpack_publicize_message":"","jetpack_publicize_feature_enabled":true,"jetpack_social_post_already_shared":false,"jetpack_social_options":{"image_generator_settings":{"template":"highway","default_image_id":0,"font":"","enabled":false},"version":2}},"categories":[30,233],"tags":[237,210,232,238,227,1205,20,228,239,230,231,236,234,209,1211,229,221,235],"class_list":["post-1089","post","type-post","status-publish","format-standard","hentry","category-film","category-musik","tag-1700-tal","tag-artister","tag-besatthet","tag-carlo-broschi","tag-farinelli","tag-film","tag-fullkomlighet","tag-handel","tag-il-ragazzo","tag-kastratsang","tag-masshysteri","tag-megastjarna","tag-melankoli","tag-michael-jackson","tag-musik","tag-sang","tag-sorg","tag-utomjordiskt"],"jetpack_publicize_connections":[],"jetpack_featured_media_url":"","jetpack_shortlink":"https:\/\/wp.me\/pthEr-hz","jetpack_sharing_enabled":true,"jetpack_likes_enabled":true,"_links":{"self":[{"href":"https:\/\/www.me-we.me\/index.php?rest_route=\/wp\/v2\/posts\/1089","targetHints":{"allow":["GET"]}}],"collection":[{"href":"https:\/\/www.me-we.me\/index.php?rest_route=\/wp\/v2\/posts"}],"about":[{"href":"https:\/\/www.me-we.me\/index.php?rest_route=\/wp\/v2\/types\/post"}],"author":[{"embeddable":true,"href":"https:\/\/www.me-we.me\/index.php?rest_route=\/wp\/v2\/users\/2"}],"replies":[{"embeddable":true,"href":"https:\/\/www.me-we.me\/index.php?rest_route=%2Fwp%2Fv2%2Fcomments&post=1089"}],"version-history":[{"count":15,"href":"https:\/\/www.me-we.me\/index.php?rest_route=\/wp\/v2\/posts\/1089\/revisions"}],"predecessor-version":[{"id":1095,"href":"https:\/\/www.me-we.me\/index.php?rest_route=\/wp\/v2\/posts\/1089\/revisions\/1095"}],"wp:attachment":[{"href":"https:\/\/www.me-we.me\/index.php?rest_route=%2Fwp%2Fv2%2Fmedia&parent=1089"}],"wp:term":[{"taxonomy":"category","embeddable":true,"href":"https:\/\/www.me-we.me\/index.php?rest_route=%2Fwp%2Fv2%2Fcategories&post=1089"},{"taxonomy":"post_tag","embeddable":true,"href":"https:\/\/www.me-we.me\/index.php?rest_route=%2Fwp%2Fv2%2Ftags&post=1089"}],"curies":[{"name":"wp","href":"https:\/\/api.w.org\/{rel}","templated":true}]}}